{"id":232443,"date":"2025-09-22T10:26:43","date_gmt":"2025-09-22T08:26:43","guid":{"rendered":"https:\/\/www.pontesan.es\/?p=232443"},"modified":"2025-09-22T10:26:48","modified_gmt":"2025-09-22T08:26:48","slug":"javier-sanhonorato-vazquez","status":"publish","type":"post","link":"https:\/\/www.pontesan.es\/es\/javier-sanhonorato-vazquez\/","title":{"rendered":"Javier Sanhonorato V\u00e1zquez"},"content":{"rendered":"<p>[et_pb_section fb_built=&#8221;1&#8243; admin_label=&#8221;section&#8221; _builder_version=&#8221;4.16&#8243; global_colors_info=&#8221;{}&#8221;][et_pb_row admin_label=&#8221;row&#8221; _builder_version=&#8221;4.16&#8243; background_size=&#8221;initial&#8221; background_position=&#8221;top_left&#8221; background_repeat=&#8221;repeat&#8221; global_colors_info=&#8221;{}&#8221;][et_pb_column type=&#8221;4_4&#8243; _builder_version=&#8221;4.16&#8243; custom_padding=&#8221;|||&#8221; global_colors_info=&#8221;{}&#8221; custom_padding__hover=&#8221;|||&#8221;][et_pb_text _builder_version=&#8221;4.26.0&#8243; _module_preset=&#8221;default&#8221; hover_enabled=&#8221;0&#8243; global_colors_info=&#8221;{}&#8221; sticky_enabled=&#8221;0&#8243;]<\/p>\n<p data-start=\"117\" data-end=\"181\"><strong>Charla sobre el permiso por hijo con enfermedad grave (CUME)<\/strong><\/p>\n<p data-start=\"183\" data-end=\"378\">Para esta tem\u00e1tica contaremos con <strong data-start=\"213\" data-end=\"243\">Javier Sanhonorato S\u00e1nchez<\/strong>, experto en Derecho Sanitario y una de las voces m\u00e1s reconocidas en el \u00e1mbito del asociacionismo vinculado a la diabetes y la salud.<\/p>\n<p data-start=\"380\" data-end=\"409\"><strong>Trayectoria profesional<\/strong><\/p>\n<p data-start=\"410\" data-end=\"647\">Licenciado en Derecho por la <strong data-start=\"439\" data-end=\"482\">Universidad Complutense de Madrid (UCM)<\/strong> y especialista en Derecho Sanitario por la <strong data-start=\"526\" data-end=\"564\">Universidad Pontificia de Comillas<\/strong>, Javier Sanhonorato desarrolla su labor profesional en <strong data-start=\"620\" data-end=\"644\">Sanhonorato Abogados<\/strong>.<\/p>\n<p data-start=\"649\" data-end=\"1126\">Es adem\u00e1s <strong data-start=\"659\" data-end=\"765\">presidente de ADDEISA <\/strong>(Asociaci\u00f3n de Derecho Sanitario en Enfermedades Inmunol\u00f3gicas, Sangre y Afines) y miembro del <strong data-start=\"780\" data-end=\"848\">Grupo de Trabajo de Educaci\u00f3n Terap\u00e9utica en Diabetes de la SEDE<\/strong>. Su implicaci\u00f3n con el movimiento asociativo es amplia: colabora con la <strong data-start=\"921\" data-end=\"963\">Federaci\u00f3n Espa\u00f1ola de Diabetes (FEDE)<\/strong>, la <strong data-start=\"968\" data-end=\"998\">Fundaci\u00f3n para la Diabetes<\/strong>, la <strong data-start=\"1003\" data-end=\"1055\">Fundaci\u00f3n de Castilla-La Mancha para la Diabetes<\/strong>, as\u00ed como con sociedades cient\u00edficas como la <strong data-start=\"1101\" data-end=\"1109\">SEDE<\/strong> y la <strong data-start=\"1115\" data-end=\"1123\">SEEN<\/strong>.<\/p>\n<p data-start=\"1128\" data-end=\"1336\">Ha participado en cursos, congresos, simposios y jornadas especializadas, adem\u00e1s de ser autor de m\u00faltiples publicaciones. Tambi\u00e9n ha intervenido en eventos de referencia como el <strong data-start=\"1306\" data-end=\"1333\">Diabetes Experience Day<\/strong>.<\/p>\n<p data-start=\"1338\" data-end=\"1366\"><strong>Contenido de la charla<\/strong><\/p>\n<p data-start=\"1367\" data-end=\"1580\">La exposici\u00f3n se centrar\u00e1 en el <strong data-start=\"1399\" data-end=\"1447\">permiso por hijo con enfermedad grave (CUME)<\/strong>, una prestaci\u00f3n fundamental para la conciliaci\u00f3n familiar en situaciones de especial vulnerabilidad. Javier Sanhonorato explicar\u00e1:<\/p>\n<ul data-start=\"1582\" data-end=\"1789\">\n<li data-start=\"1582\" data-end=\"1625\">\n<p data-start=\"1584\" data-end=\"1625\">Qu\u00e9 es el CUME y cu\u00e1l es su base legal.<\/p>\n<\/li>\n<li data-start=\"1626\" data-end=\"1674\">\n<p data-start=\"1628\" data-end=\"1674\">Qui\u00e9nes pueden beneficiarse de este permiso.<\/p>\n<\/li>\n<li data-start=\"1675\" data-end=\"1730\">\n<p data-start=\"1677\" data-end=\"1730\">Procedimiento de solicitud y requisitos necesarios.<\/p>\n<\/li>\n<li data-start=\"1731\" data-end=\"1789\">\n<p data-start=\"1733\" data-end=\"1789\">Casu\u00edstica frecuente y derechos que se deben proteger.<\/p>\n<\/li>\n<\/ul>\n<p data-start=\"1791\" data-end=\"1975\">Ser\u00e1 una oportunidad para comprender mejor el marco legal y pr\u00e1ctico de un derecho que resulta clave para muchas familias, as\u00ed como para resolver dudas y conocer experiencias reales.<\/p>\n<p>[\/et_pb_text][\/et_pb_column][\/et_pb_row][\/et_pb_section]<\/p>","protected":false},"excerpt":{"rendered":"<p>Charla sobre el permiso por hijo con enfermedad grave (CUME) Para esta tem\u00e1tica contaremos con Javier Sanhonorato S\u00e1nchez, experto en Derecho Sanitario y una de las voces m\u00e1s reconocidas en el \u00e1mbito del asociacionismo vinculado a la diabetes y la salud. Trayectoria profesional Licenciado en Derecho por la Universidad Complutense de Madrid (UCM) y especialista [&hellip;]<\/p>","protected":false},"author":18,"featured_media":232063,"comment_status":"closed","ping_status":"closed","sticky":false,"template":"","format":"standard","meta":{"_et_pb_use_builder":"on","_et_pb_old_content":"","_et_gb_content_width":"","inline_featured_image":false,"footnotes":""},"categories":[42],"tags":[],"class_list":["post-232443","post","type-post","status-publish","format-standard","has-post-thumbnail","hentry","category-uncategorized-es"],"yoast_head":"<!-- This site is optimized with the Yoast SEO plugin v23.1 - https:\/\/yoast.com\/wordpress\/plugins\/seo\/ -->\n<title>Javier Sanhonorato V\u00e1zquez - Pontesan<\/title>\n<meta name=\"description\" content=\"Una charla imprescindible para conocer los derechos vinculados al cuidado de menores con enfermedad grave.\" \/>\n<meta name=\"robots\" content=\"noindex, follow\" \/>\n<meta property=\"og:locale\" content=\"es_ES\" \/>\n<meta property=\"og:type\" content=\"article\" \/>\n<meta property=\"og:title\" content=\"Javier Sanhonorato V\u00e1zquez - Pontesan\" \/>\n<meta property=\"og:description\" content=\"Una charla imprescindible para conocer los derechos vinculados al cuidado de menores con enfermedad grave.\" \/>\n<meta property=\"og:url\" content=\"https:\/\/www.pontesan.es\/es\/javier-sanhonorato-vazquez\/\" \/>\n<meta property=\"og:site_name\" content=\"Pontesan\" \/>\n<meta property=\"article:published_time\" content=\"2025-09-22T08:26:43+00:00\" \/>\n<meta property=\"article:modified_time\" content=\"2025-09-22T08:26:48+00:00\" \/>\n<meta property=\"og:image\" content=\"https:\/\/www.pontesan.es\/wp-content\/uploads\/2025\/09\/sanho.png\" \/>\n\t<meta property=\"og:image:width\" content=\"900\" \/>\n\t<meta property=\"og:image:height\" content=\"300\" \/>\n\t<meta property=\"og:image:type\" content=\"image\/png\" \/>\n<meta name=\"author\" content=\"PONTECERCA\" \/>\n<meta name=\"twitter:card\" content=\"summary_large_image\" \/>\n<meta name=\"twitter:label1\" content=\"Escrito por\" \/>\n\t<meta name=\"twitter:data1\" content=\"PONTECERCA\" \/>\n\t<meta name=\"twitter:label2\" content=\"Tiempo de lectura\" \/>\n\t<meta name=\"twitter:data2\" content=\"2 minutos\" \/>\n<script type=\"application\/ld+json\" class=\"yoast-schema-graph\">{\"@context\":\"https:\/\/schema.org\",\"@graph\":[{\"@type\":\"Article\",\"@id\":\"https:\/\/www.pontesan.es\/es\/javier-sanhonorato-vazquez\/#article\",\"isPartOf\":{\"@id\":\"https:\/\/www.pontesan.es\/es\/javier-sanhonorato-vazquez\/\"},\"author\":{\"name\":\"PONTECERCA\",\"@id\":\"https:\/\/www.pontesan.es\/#\/schema\/person\/85d5a05d7aa5a2548af5766ae3bdab2e\"},\"headline\":\"Javier Sanhonorato V\u00e1zquez\",\"datePublished\":\"2025-09-22T08:26:43+00:00\",\"dateModified\":\"2025-09-22T08:26:48+00:00\",\"mainEntityOfPage\":{\"@id\":\"https:\/\/www.pontesan.es\/es\/javier-sanhonorato-vazquez\/\"},\"wordCount\":364,\"publisher\":{\"@id\":\"https:\/\/www.pontesan.es\/#organization\"},\"image\":{\"@id\":\"https:\/\/www.pontesan.es\/es\/javier-sanhonorato-vazquez\/#primaryimage\"},\"thumbnailUrl\":\"https:\/\/www.pontesan.es\/wp-content\/uploads\/2025\/09\/sanho.png\",\"articleSection\":[\"Uncategorized\"],\"inLanguage\":\"es\"},{\"@type\":\"WebPage\",\"@id\":\"https:\/\/www.pontesan.es\/es\/javier-sanhonorato-vazquez\/\",\"url\":\"https:\/\/www.pontesan.es\/es\/javier-sanhonorato-vazquez\/\",\"name\":\"Javier Sanhonorato V\u00e1zquez - Pontesan\",\"isPartOf\":{\"@id\":\"https:\/\/www.pontesan.es\/#website\"},\"primaryImageOfPage\":{\"@id\":\"https:\/\/www.pontesan.es\/es\/javier-sanhonorato-vazquez\/#primaryimage\"},\"image\":{\"@id\":\"https:\/\/www.pontesan.es\/es\/javier-sanhonorato-vazquez\/#primaryimage\"},\"thumbnailUrl\":\"https:\/\/www.pontesan.es\/wp-content\/uploads\/2025\/09\/sanho.png\",\"datePublished\":\"2025-09-22T08:26:43+00:00\",\"dateModified\":\"2025-09-22T08:26:48+00:00\",\"description\":\"Una charla imprescindible para conocer los derechos vinculados al cuidado de menores con enfermedad grave.\",\"breadcrumb\":{\"@id\":\"https:\/\/www.pontesan.es\/es\/javier-sanhonorato-vazquez\/#breadcrumb\"},\"inLanguage\":\"es\",\"potentialAction\":[{\"@type\":\"ReadAction\",\"target\":[\"https:\/\/www.pontesan.es\/es\/javier-sanhonorato-vazquez\/\"]}]},{\"@type\":\"ImageObject\",\"inLanguage\":\"es\",\"@id\":\"https:\/\/www.pontesan.es\/es\/javier-sanhonorato-vazquez\/#primaryimage\",\"url\":\"https:\/\/www.pontesan.es\/wp-content\/uploads\/2025\/09\/sanho.png\",\"contentUrl\":\"https:\/\/www.pontesan.es\/wp-content\/uploads\/2025\/09\/sanho.png\",\"width\":900,\"height\":300},{\"@type\":\"BreadcrumbList\",\"@id\":\"https:\/\/www.pontesan.es\/es\/javier-sanhonorato-vazquez\/#breadcrumb\",\"itemListElement\":[{\"@type\":\"ListItem\",\"position\":1,\"name\":\"Home\",\"item\":\"https:\/\/www.pontesan.es\/\"},{\"@type\":\"ListItem\",\"position\":2,\"name\":\"Javier Sanhonorato V\u00e1zquez\"}]},{\"@type\":\"WebSite\",\"@id\":\"https:\/\/www.pontesan.es\/#website\",\"url\":\"https:\/\/www.pontesan.es\/\",\"name\":\"Pontesan\",\"description\":\"\",\"publisher\":{\"@id\":\"https:\/\/www.pontesan.es\/#organization\"},\"potentialAction\":[{\"@type\":\"SearchAction\",\"target\":{\"@type\":\"EntryPoint\",\"urlTemplate\":\"https:\/\/www.pontesan.es\/?s={search_term_string}\"},\"query-input\":\"required name=search_term_string\"}],\"inLanguage\":\"es\"},{\"@type\":\"Organization\",\"@id\":\"https:\/\/www.pontesan.es\/#organization\",\"name\":\"PonteS\u00e1n\",\"alternateName\":\"PonteS\u00e1n\",\"url\":\"https:\/\/www.pontesan.es\/\",\"logo\":{\"@type\":\"ImageObject\",\"inLanguage\":\"es\",\"@id\":\"https:\/\/www.pontesan.es\/#\/schema\/logo\/image\/\",\"url\":\"https:\/\/www.pontesan.es\/wp-content\/uploads\/2024\/09\/yoast-empresa.jpg\",\"contentUrl\":\"https:\/\/www.pontesan.es\/wp-content\/uploads\/2024\/09\/yoast-empresa.jpg\",\"width\":696,\"height\":696,\"caption\":\"PonteS\u00e1n\"},\"image\":{\"@id\":\"https:\/\/www.pontesan.es\/#\/schema\/logo\/image\/\"}},{\"@type\":\"Person\",\"@id\":\"https:\/\/www.pontesan.es\/#\/schema\/person\/85d5a05d7aa5a2548af5766ae3bdab2e\",\"name\":\"PONTECERCA\",\"image\":{\"@type\":\"ImageObject\",\"inLanguage\":\"es\",\"@id\":\"https:\/\/www.pontesan.es\/#\/schema\/person\/image\/\",\"url\":\"https:\/\/secure.gravatar.com\/avatar\/3fd89fa4db538e8d85ebc2683176b5c3?s=96&d=mm&r=g\",\"contentUrl\":\"https:\/\/secure.gravatar.com\/avatar\/3fd89fa4db538e8d85ebc2683176b5c3?s=96&d=mm&r=g\",\"caption\":\"PONTECERCA\"}}]}<\/script>\n<!-- \/ Yoast SEO plugin. -->","yoast_head_json":{"title":"Javier Sanhonorato V\u00e1zquez - Pontesan","description":"Una charla imprescindible para conocer los derechos vinculados al cuidado de menores con enfermedad grave.","robots":{"index":"noindex","follow":"follow"},"og_locale":"es_ES","og_type":"article","og_title":"Javier Sanhonorato V\u00e1zquez - Pontesan","og_description":"Una charla imprescindible para conocer los derechos vinculados al cuidado de menores con enfermedad grave.","og_url":"https:\/\/www.pontesan.es\/es\/javier-sanhonorato-vazquez\/","og_site_name":"Pontesan","article_published_time":"2025-09-22T08:26:43+00:00","article_modified_time":"2025-09-22T08:26:48+00:00","og_image":[{"width":900,"height":300,"url":"https:\/\/www.pontesan.es\/wp-content\/uploads\/2025\/09\/sanho.png","type":"image\/png"}],"author":"PONTECERCA","twitter_card":"summary_large_image","twitter_misc":{"Escrito por":"PONTECERCA","Tiempo de lectura":"2 minutos"},"schema":{"@context":"https:\/\/schema.org","@graph":[{"@type":"Article","@id":"https:\/\/www.pontesan.es\/es\/javier-sanhonorato-vazquez\/#article","isPartOf":{"@id":"https:\/\/www.pontesan.es\/es\/javier-sanhonorato-vazquez\/"},"author":{"name":"PONTECERCA","@id":"https:\/\/www.pontesan.es\/#\/schema\/person\/85d5a05d7aa5a2548af5766ae3bdab2e"},"headline":"Javier Sanhonorato V\u00e1zquez","datePublished":"2025-09-22T08:26:43+00:00","dateModified":"2025-09-22T08:26:48+00:00","mainEntityOfPage":{"@id":"https:\/\/www.pontesan.es\/es\/javier-sanhonorato-vazquez\/"},"wordCount":364,"publisher":{"@id":"https:\/\/www.pontesan.es\/#organization"},"image":{"@id":"https:\/\/www.pontesan.es\/es\/javier-sanhonorato-vazquez\/#primaryimage"},"thumbnailUrl":"https:\/\/www.pontesan.es\/wp-content\/uploads\/2025\/09\/sanho.png","articleSection":["Uncategorized"],"inLanguage":"es"},{"@type":"WebPage","@id":"https:\/\/www.pontesan.es\/es\/javier-sanhonorato-vazquez\/","url":"https:\/\/www.pontesan.es\/es\/javier-sanhonorato-vazquez\/","name":"Javier Sanhonorato V\u00e1zquez - Pontesan","isPartOf":{"@id":"https:\/\/www.pontesan.es\/#website"},"primaryImageOfPage":{"@id":"https:\/\/www.pontesan.es\/es\/javier-sanhonorato-vazquez\/#primaryimage"},"image":{"@id":"https:\/\/www.pontesan.es\/es\/javier-sanhonorato-vazquez\/#primaryimage"},"thumbnailUrl":"https:\/\/www.pontesan.es\/wp-content\/uploads\/2025\/09\/sanho.png","datePublished":"2025-09-22T08:26:43+00:00","dateModified":"2025-09-22T08:26:48+00:00","description":"Una charla imprescindible para conocer los derechos vinculados al cuidado de menores con enfermedad grave.","breadcrumb":{"@id":"https:\/\/www.pontesan.es\/es\/javier-sanhonorato-vazquez\/#breadcrumb"},"inLanguage":"es","potentialAction":[{"@type":"ReadAction","target":["https:\/\/www.pontesan.es\/es\/javier-sanhonorato-vazquez\/"]}]},{"@type":"ImageObject","inLanguage":"es","@id":"https:\/\/www.pontesan.es\/es\/javier-sanhonorato-vazquez\/#primaryimage","url":"https:\/\/www.pontesan.es\/wp-content\/uploads\/2025\/09\/sanho.png","contentUrl":"https:\/\/www.pontesan.es\/wp-content\/uploads\/2025\/09\/sanho.png","width":900,"height":300},{"@type":"BreadcrumbList","@id":"https:\/\/www.pontesan.es\/es\/javier-sanhonorato-vazquez\/#breadcrumb","itemListElement":[{"@type":"ListItem","position":1,"name":"Home","item":"https:\/\/www.pontesan.es\/"},{"@type":"ListItem","position":2,"name":"Javier Sanhonorato V\u00e1zquez"}]},{"@type":"WebSite","@id":"https:\/\/www.pontesan.es\/#website","url":"https:\/\/www.pontesan.es\/","name":"Pontesan","description":"","publisher":{"@id":"https:\/\/www.pontesan.es\/#organization"},"potentialAction":[{"@type":"SearchAction","target":{"@type":"EntryPoint","urlTemplate":"https:\/\/www.pontesan.es\/?s={search_term_string}"},"query-input":"required name=search_term_string"}],"inLanguage":"es"},{"@type":"Organization","@id":"https:\/\/www.pontesan.es\/#organization","name":"PonteS\u00e1n","alternateName":"PonteS\u00e1n","url":"https:\/\/www.pontesan.es\/","logo":{"@type":"ImageObject","inLanguage":"es","@id":"https:\/\/www.pontesan.es\/#\/schema\/logo\/image\/","url":"https:\/\/www.pontesan.es\/wp-content\/uploads\/2024\/09\/yoast-empresa.jpg","contentUrl":"https:\/\/www.pontesan.es\/wp-content\/uploads\/2024\/09\/yoast-empresa.jpg","width":696,"height":696,"caption":"PonteS\u00e1n"},"image":{"@id":"https:\/\/www.pontesan.es\/#\/schema\/logo\/image\/"}},{"@type":"Person","@id":"https:\/\/www.pontesan.es\/#\/schema\/person\/85d5a05d7aa5a2548af5766ae3bdab2e","name":"PONTECERCA","image":{"@type":"ImageObject","inLanguage":"es","@id":"https:\/\/www.pontesan.es\/#\/schema\/person\/image\/","url":"https:\/\/secure.gravatar.com\/avatar\/3fd89fa4db538e8d85ebc2683176b5c3?s=96&d=mm&r=g","contentUrl":"https:\/\/secure.gravatar.com\/avatar\/3fd89fa4db538e8d85ebc2683176b5c3?s=96&d=mm&r=g","caption":"PONTECERCA"}}]}},"_links":{"self":[{"href":"https:\/\/www.pontesan.es\/es\/wp-json\/wp\/v2\/posts\/232443"}],"collection":[{"href":"https:\/\/www.pontesan.es\/es\/wp-json\/wp\/v2\/posts"}],"about":[{"href":"https:\/\/www.pontesan.es\/es\/wp-json\/wp\/v2\/types\/post"}],"author":[{"embeddable":true,"href":"https:\/\/www.pontesan.es\/es\/wp-json\/wp\/v2\/users\/18"}],"replies":[{"embeddable":true,"href":"https:\/\/www.pontesan.es\/es\/wp-json\/wp\/v2\/comments?post=232443"}],"version-history":[{"count":1,"href":"https:\/\/www.pontesan.es\/es\/wp-json\/wp\/v2\/posts\/232443\/revisions"}],"predecessor-version":[{"id":232445,"href":"https:\/\/www.pontesan.es\/es\/wp-json\/wp\/v2\/posts\/232443\/revisions\/232445"}],"wp:featuredmedia":[{"embeddable":true,"href":"https:\/\/www.pontesan.es\/es\/wp-json\/wp\/v2\/media\/232063"}],"wp:attachment":[{"href":"https:\/\/www.pontesan.es\/es\/wp-json\/wp\/v2\/media?parent=232443"}],"wp:term":[{"taxonomy":"category","embeddable":true,"href":"https:\/\/www.pontesan.es\/es\/wp-json\/wp\/v2\/categories?post=232443"},{"taxonomy":"post_tag","embeddable":true,"href":"https:\/\/www.pontesan.es\/es\/wp-json\/wp\/v2\/tags?post=232443"}],"curies":[{"name":"wp","href":"https:\/\/api.w.org\/{rel}","templated":true}]}}