{"id":232453,"date":"2025-09-22T10:36:06","date_gmt":"2025-09-22T08:36:06","guid":{"rendered":"https:\/\/www.pontesan.es\/?p=232453"},"modified":"2025-09-22T10:44:52","modified_gmt":"2025-09-22T08:44:52","slug":"anxela-lopez-leiceaga","status":"publish","type":"post","link":"https:\/\/www.pontesan.es\/es\/anxela-lopez-leiceaga\/","title":{"rendered":"\u00c1nxela L\u00f3pez Leiceaga"},"content":{"rendered":"<p>[et_pb_section fb_built=&#8221;1&#8243; admin_label=&#8221;section&#8221; _builder_version=&#8221;4.16&#8243; global_colors_info=&#8221;{}&#8221;][et_pb_row admin_label=&#8221;row&#8221; _builder_version=&#8221;4.16&#8243; background_size=&#8221;initial&#8221; background_position=&#8221;top_left&#8221; background_repeat=&#8221;repeat&#8221; global_colors_info=&#8221;{}&#8221;][et_pb_column type=&#8221;4_4&#8243; _builder_version=&#8221;4.16&#8243; custom_padding=&#8221;|||&#8221; global_colors_info=&#8221;{}&#8221; custom_padding__hover=&#8221;|||&#8221;][et_pb_text _builder_version=&#8221;4.26.0&#8243; _module_preset=&#8221;default&#8221; hover_enabled=&#8221;0&#8243; global_colors_info=&#8221;{}&#8221; sticky_enabled=&#8221;0&#8243;]<\/p>\n<p data-start=\"178\" data-end=\"270\"><strong>El placer de los cuerpos diversos, una de las claves de la vida independiente<\/strong><\/p>\n<p>Contaremos cunha convidada excepcional: \u00c1nxela L\u00f3pez, referente na defensa dos dereitos das persoas con diversidade funcional e na promoci\u00f3n da vida independente.<\/p>\n<p>Foi unha das primeiras mulleres con diversidade funcional en Galicia en estudar en centros ordinarios e cursar estudos superiores. Licenciada en Dereito pola USC (2001), completou tam\u00e9n formaci\u00f3n en relaci\u00f3ns laborais e xesti\u00f3n administrativa.<\/p>\n<p data-start=\"761\" data-end=\"1140\">Entre 2002 e 2010 exerceu como asesora xur\u00eddica no movemento asociativo tradicional. \u00c9 membro do <strong>Foro de Vida Independente<\/strong> desde os seus inicios e cofundadora de <strong>SOLCOM<\/strong>, entidade na que ocupou a vicepresidencia. Desde 2010 preside <span style=\"color: #3366ff;\"><a style=\"color: #3366ff;\" href=\"https:\/\/vigalicia.org\/\"><strong data-start=\"1006\" data-end=\"1019\">VIgalicia<\/strong><\/a><\/span>, asociaci\u00f3n que tam\u00e9n axudou a fundar, e actualmente \u00e9 presidenta da <strong>Federaci\u00f3n de Vida Independente (FEVI)<\/strong>.<\/p>\n<p>O seu activismo foi reco\u00f1ecido con distintos galard\u00f3ns, entre eles o <strong>Premio Galicia \u00e1 Solidariedade (2004)<\/strong>, o reco\u00f1ecemento da <strong>Fundaci\u00f3n Iniciativas 21 (2005)<\/strong> e o <strong>Premio <\/strong><strong>\u201c<\/strong><strong>Pall\u00edn\u201d da Fundaci\u00f3n Amigos de Galicia (2008).<\/strong><\/p>\n<h3 data-start=\"1389\" data-end=\"1420\">Unha charla transformadora<\/h3>\n<p>Baixo o t\u00edtulo \u201c<strong>El placer de los cuerpos diversos: una de las claves de la vida independiente<\/strong>\u201d, a relatora convidanos a reflexionar sobre a importancia do desexo, o goce e a sexualidade en todas as persoas, m\u00e1is al\u00e1 de prexu\u00edzos e barreiras sociais.<\/p>\n<p>Neste cami\u00f1o participou no proxecto <strong>\u201c<\/strong><strong>Yes, we fuck!<\/strong>\u201d, un documental pioneiro que visibiliza a sexualidade en persoas con diversidade funcional e que presentou en m\u00faltiples localidades de Galicia (Compostela, Ourense, Ponteareas, Allariz, O Grove, entre outras).<\/p>\n<p>A sesi\u00f3n ser\u00e1 un espazo para <strong>derrubar estigmas, abrir debates e reivindicar o dereito universal ao pracer e \u00e1 autonom\u00eda persoal<\/strong>.<\/p>\n<p data-start=\"1421\" data-end=\"1685\"><strong>Tr\u00e1tase dunha oportunidade \u00fanica para escoitar unha voz valente e necesaria na construci\u00f3n dunha sociedade m\u00e1is inclusiva e libre de discriminaci\u00f3ns.<\/strong><\/p>\n<p>[\/et_pb_text][\/et_pb_column][\/et_pb_row][\/et_pb_section]<\/p>","protected":false},"excerpt":{"rendered":"<p>El placer de los cuerpos diversos, una de las claves de la vida independiente Contaremos cunha convidada excepcional: \u00c1nxela L\u00f3pez, referente na defensa dos dereitos das persoas con diversidade funcional e na promoci\u00f3n da vida independente. Foi unha das primeiras mulleres con diversidade funcional en Galicia en estudar en centros ordinarios e cursar estudos superiores. [&hellip;]<\/p>","protected":false},"author":18,"featured_media":232035,"comment_status":"closed","ping_status":"closed","sticky":false,"template":"","format":"standard","meta":{"_et_pb_use_builder":"on","_et_pb_old_content":"","_et_gb_content_width":"","inline_featured_image":false,"footnotes":""},"categories":[42],"tags":[],"class_list":["post-232453","post","type-post","status-publish","format-standard","has-post-thumbnail","hentry","category-uncategorized-es"],"yoast_head":"<!-- This site is optimized with the Yoast SEO plugin v23.1 - https:\/\/yoast.com\/wordpress\/plugins\/seo\/ -->\n<title>\u00c1nxela L\u00f3pez Leiceaga - Pontesan<\/title>\n<meta name=\"description\" content=\"Anxela L\u00f3pez: El placer de los cuerpos diversos: una de las claves de la vida independiente. Gran oportunidad para escuchar una voz valiente.\" \/>\n<meta name=\"robots\" content=\"noindex, follow\" \/>\n<meta property=\"og:locale\" content=\"es_ES\" \/>\n<meta property=\"og:type\" content=\"article\" \/>\n<meta property=\"og:title\" content=\"\u00c1nxela L\u00f3pez Leiceaga - Pontesan\" \/>\n<meta property=\"og:description\" content=\"Anxela L\u00f3pez: El placer de los cuerpos diversos: una de las claves de la vida independiente. Gran oportunidad para escuchar una voz valiente.\" \/>\n<meta property=\"og:url\" content=\"https:\/\/www.pontesan.es\/es\/anxela-lopez-leiceaga\/\" \/>\n<meta property=\"og:site_name\" content=\"Pontesan\" \/>\n<meta property=\"article:published_time\" content=\"2025-09-22T08:36:06+00:00\" \/>\n<meta property=\"article:modified_time\" content=\"2025-09-22T08:44:52+00:00\" \/>\n<meta property=\"og:image\" content=\"https:\/\/www.pontesan.es\/wp-content\/uploads\/2025\/09\/Captura-de-pantalla_18-9-2025_19939_vigalicia.org_.jpeg\" \/>\n\t<meta property=\"og:image:width\" content=\"625\" \/>\n\t<meta property=\"og:image:height\" content=\"744\" \/>\n\t<meta property=\"og:image:type\" content=\"image\/jpeg\" \/>\n<meta name=\"author\" content=\"PONTECERCA\" \/>\n<meta name=\"twitter:card\" content=\"summary_large_image\" \/>\n<meta name=\"twitter:label1\" content=\"Escrito por\" \/>\n\t<meta name=\"twitter:data1\" content=\"PONTECERCA\" \/>\n\t<meta name=\"twitter:label2\" content=\"Tiempo de lectura\" \/>\n\t<meta name=\"twitter:data2\" content=\"2 minutos\" \/>\n<script type=\"application\/ld+json\" class=\"yoast-schema-graph\">{\"@context\":\"https:\/\/schema.org\",\"@graph\":[{\"@type\":\"Article\",\"@id\":\"https:\/\/www.pontesan.es\/es\/anxela-lopez-leiceaga\/#article\",\"isPartOf\":{\"@id\":\"https:\/\/www.pontesan.es\/es\/anxela-lopez-leiceaga\/\"},\"author\":{\"name\":\"PONTECERCA\",\"@id\":\"https:\/\/www.pontesan.es\/#\/schema\/person\/85d5a05d7aa5a2548af5766ae3bdab2e\"},\"headline\":\"\u00c1nxela L\u00f3pez Leiceaga\",\"datePublished\":\"2025-09-22T08:36:06+00:00\",\"dateModified\":\"2025-09-22T08:44:52+00:00\",\"mainEntityOfPage\":{\"@id\":\"https:\/\/www.pontesan.es\/es\/anxela-lopez-leiceaga\/\"},\"wordCount\":371,\"publisher\":{\"@id\":\"https:\/\/www.pontesan.es\/#organization\"},\"image\":{\"@id\":\"https:\/\/www.pontesan.es\/es\/anxela-lopez-leiceaga\/#primaryimage\"},\"thumbnailUrl\":\"https:\/\/www.pontesan.es\/wp-content\/uploads\/2025\/09\/Captura-de-pantalla_18-9-2025_19939_vigalicia.org_.jpeg\",\"articleSection\":[\"Uncategorized\"],\"inLanguage\":\"es\"},{\"@type\":\"WebPage\",\"@id\":\"https:\/\/www.pontesan.es\/es\/anxela-lopez-leiceaga\/\",\"url\":\"https:\/\/www.pontesan.es\/es\/anxela-lopez-leiceaga\/\",\"name\":\"\u00c1nxela L\u00f3pez Leiceaga - Pontesan\",\"isPartOf\":{\"@id\":\"https:\/\/www.pontesan.es\/#website\"},\"primaryImageOfPage\":{\"@id\":\"https:\/\/www.pontesan.es\/es\/anxela-lopez-leiceaga\/#primaryimage\"},\"image\":{\"@id\":\"https:\/\/www.pontesan.es\/es\/anxela-lopez-leiceaga\/#primaryimage\"},\"thumbnailUrl\":\"https:\/\/www.pontesan.es\/wp-content\/uploads\/2025\/09\/Captura-de-pantalla_18-9-2025_19939_vigalicia.org_.jpeg\",\"datePublished\":\"2025-09-22T08:36:06+00:00\",\"dateModified\":\"2025-09-22T08:44:52+00:00\",\"description\":\"Anxela L\u00f3pez: El placer de los cuerpos diversos: una de las claves de la vida independiente. Gran oportunidad para escuchar una voz valiente.\",\"breadcrumb\":{\"@id\":\"https:\/\/www.pontesan.es\/es\/anxela-lopez-leiceaga\/#breadcrumb\"},\"inLanguage\":\"es\",\"potentialAction\":[{\"@type\":\"ReadAction\",\"target\":[\"https:\/\/www.pontesan.es\/es\/anxela-lopez-leiceaga\/\"]}]},{\"@type\":\"ImageObject\",\"inLanguage\":\"es\",\"@id\":\"https:\/\/www.pontesan.es\/es\/anxela-lopez-leiceaga\/#primaryimage\",\"url\":\"https:\/\/www.pontesan.es\/wp-content\/uploads\/2025\/09\/Captura-de-pantalla_18-9-2025_19939_vigalicia.org_.jpeg\",\"contentUrl\":\"https:\/\/www.pontesan.es\/wp-content\/uploads\/2025\/09\/Captura-de-pantalla_18-9-2025_19939_vigalicia.org_.jpeg\",\"width\":625,\"height\":744},{\"@type\":\"BreadcrumbList\",\"@id\":\"https:\/\/www.pontesan.es\/es\/anxela-lopez-leiceaga\/#breadcrumb\",\"itemListElement\":[{\"@type\":\"ListItem\",\"position\":1,\"name\":\"Home\",\"item\":\"https:\/\/www.pontesan.es\/\"},{\"@type\":\"ListItem\",\"position\":2,\"name\":\"\u00c1nxela L\u00f3pez Leiceaga\"}]},{\"@type\":\"WebSite\",\"@id\":\"https:\/\/www.pontesan.es\/#website\",\"url\":\"https:\/\/www.pontesan.es\/\",\"name\":\"Pontesan\",\"description\":\"\",\"publisher\":{\"@id\":\"https:\/\/www.pontesan.es\/#organization\"},\"potentialAction\":[{\"@type\":\"SearchAction\",\"target\":{\"@type\":\"EntryPoint\",\"urlTemplate\":\"https:\/\/www.pontesan.es\/?s={search_term_string}\"},\"query-input\":\"required name=search_term_string\"}],\"inLanguage\":\"es\"},{\"@type\":\"Organization\",\"@id\":\"https:\/\/www.pontesan.es\/#organization\",\"name\":\"PonteS\u00e1n\",\"alternateName\":\"PonteS\u00e1n\",\"url\":\"https:\/\/www.pontesan.es\/\",\"logo\":{\"@type\":\"ImageObject\",\"inLanguage\":\"es\",\"@id\":\"https:\/\/www.pontesan.es\/#\/schema\/logo\/image\/\",\"url\":\"https:\/\/www.pontesan.es\/wp-content\/uploads\/2024\/09\/yoast-empresa.jpg\",\"contentUrl\":\"https:\/\/www.pontesan.es\/wp-content\/uploads\/2024\/09\/yoast-empresa.jpg\",\"width\":696,\"height\":696,\"caption\":\"PonteS\u00e1n\"},\"image\":{\"@id\":\"https:\/\/www.pontesan.es\/#\/schema\/logo\/image\/\"}},{\"@type\":\"Person\",\"@id\":\"https:\/\/www.pontesan.es\/#\/schema\/person\/85d5a05d7aa5a2548af5766ae3bdab2e\",\"name\":\"PONTECERCA\",\"image\":{\"@type\":\"ImageObject\",\"inLanguage\":\"es\",\"@id\":\"https:\/\/www.pontesan.es\/#\/schema\/person\/image\/\",\"url\":\"https:\/\/secure.gravatar.com\/avatar\/3fd89fa4db538e8d85ebc2683176b5c3?s=96&d=mm&r=g\",\"contentUrl\":\"https:\/\/secure.gravatar.com\/avatar\/3fd89fa4db538e8d85ebc2683176b5c3?s=96&d=mm&r=g\",\"caption\":\"PONTECERCA\"}}]}<\/script>\n<!-- \/ Yoast SEO plugin. -->","yoast_head_json":{"title":"\u00c1nxela L\u00f3pez Leiceaga - Pontesan","description":"Anxela L\u00f3pez: El placer de los cuerpos diversos: una de las claves de la vida independiente. Gran oportunidad para escuchar una voz valiente.","robots":{"index":"noindex","follow":"follow"},"og_locale":"es_ES","og_type":"article","og_title":"\u00c1nxela L\u00f3pez Leiceaga - Pontesan","og_description":"Anxela L\u00f3pez: El placer de los cuerpos diversos: una de las claves de la vida independiente. Gran oportunidad para escuchar una voz valiente.","og_url":"https:\/\/www.pontesan.es\/es\/anxela-lopez-leiceaga\/","og_site_name":"Pontesan","article_published_time":"2025-09-22T08:36:06+00:00","article_modified_time":"2025-09-22T08:44:52+00:00","og_image":[{"width":625,"height":744,"url":"https:\/\/www.pontesan.es\/wp-content\/uploads\/2025\/09\/Captura-de-pantalla_18-9-2025_19939_vigalicia.org_.jpeg","type":"image\/jpeg"}],"author":"PONTECERCA","twitter_card":"summary_large_image","twitter_misc":{"Escrito por":"PONTECERCA","Tiempo de lectura":"2 minutos"},"schema":{"@context":"https:\/\/schema.org","@graph":[{"@type":"Article","@id":"https:\/\/www.pontesan.es\/es\/anxela-lopez-leiceaga\/#article","isPartOf":{"@id":"https:\/\/www.pontesan.es\/es\/anxela-lopez-leiceaga\/"},"author":{"name":"PONTECERCA","@id":"https:\/\/www.pontesan.es\/#\/schema\/person\/85d5a05d7aa5a2548af5766ae3bdab2e"},"headline":"\u00c1nxela L\u00f3pez Leiceaga","datePublished":"2025-09-22T08:36:06+00:00","dateModified":"2025-09-22T08:44:52+00:00","mainEntityOfPage":{"@id":"https:\/\/www.pontesan.es\/es\/anxela-lopez-leiceaga\/"},"wordCount":371,"publisher":{"@id":"https:\/\/www.pontesan.es\/#organization"},"image":{"@id":"https:\/\/www.pontesan.es\/es\/anxela-lopez-leiceaga\/#primaryimage"},"thumbnailUrl":"https:\/\/www.pontesan.es\/wp-content\/uploads\/2025\/09\/Captura-de-pantalla_18-9-2025_19939_vigalicia.org_.jpeg","articleSection":["Uncategorized"],"inLanguage":"es"},{"@type":"WebPage","@id":"https:\/\/www.pontesan.es\/es\/anxela-lopez-leiceaga\/","url":"https:\/\/www.pontesan.es\/es\/anxela-lopez-leiceaga\/","name":"\u00c1nxela L\u00f3pez Leiceaga - Pontesan","isPartOf":{"@id":"https:\/\/www.pontesan.es\/#website"},"primaryImageOfPage":{"@id":"https:\/\/www.pontesan.es\/es\/anxela-lopez-leiceaga\/#primaryimage"},"image":{"@id":"https:\/\/www.pontesan.es\/es\/anxela-lopez-leiceaga\/#primaryimage"},"thumbnailUrl":"https:\/\/www.pontesan.es\/wp-content\/uploads\/2025\/09\/Captura-de-pantalla_18-9-2025_19939_vigalicia.org_.jpeg","datePublished":"2025-09-22T08:36:06+00:00","dateModified":"2025-09-22T08:44:52+00:00","description":"Anxela L\u00f3pez: El placer de los cuerpos diversos: una de las claves de la vida independiente. Gran oportunidad para escuchar una voz valiente.","breadcrumb":{"@id":"https:\/\/www.pontesan.es\/es\/anxela-lopez-leiceaga\/#breadcrumb"},"inLanguage":"es","potentialAction":[{"@type":"ReadAction","target":["https:\/\/www.pontesan.es\/es\/anxela-lopez-leiceaga\/"]}]},{"@type":"ImageObject","inLanguage":"es","@id":"https:\/\/www.pontesan.es\/es\/anxela-lopez-leiceaga\/#primaryimage","url":"https:\/\/www.pontesan.es\/wp-content\/uploads\/2025\/09\/Captura-de-pantalla_18-9-2025_19939_vigalicia.org_.jpeg","contentUrl":"https:\/\/www.pontesan.es\/wp-content\/uploads\/2025\/09\/Captura-de-pantalla_18-9-2025_19939_vigalicia.org_.jpeg","width":625,"height":744},{"@type":"BreadcrumbList","@id":"https:\/\/www.pontesan.es\/es\/anxela-lopez-leiceaga\/#breadcrumb","itemListElement":[{"@type":"ListItem","position":1,"name":"Home","item":"https:\/\/www.pontesan.es\/"},{"@type":"ListItem","position":2,"name":"\u00c1nxela L\u00f3pez Leiceaga"}]},{"@type":"WebSite","@id":"https:\/\/www.pontesan.es\/#website","url":"https:\/\/www.pontesan.es\/","name":"Pontesan","description":"","publisher":{"@id":"https:\/\/www.pontesan.es\/#organization"},"potentialAction":[{"@type":"SearchAction","target":{"@type":"EntryPoint","urlTemplate":"https:\/\/www.pontesan.es\/?s={search_term_string}"},"query-input":"required name=search_term_string"}],"inLanguage":"es"},{"@type":"Organization","@id":"https:\/\/www.pontesan.es\/#organization","name":"PonteS\u00e1n","alternateName":"PonteS\u00e1n","url":"https:\/\/www.pontesan.es\/","logo":{"@type":"ImageObject","inLanguage":"es","@id":"https:\/\/www.pontesan.es\/#\/schema\/logo\/image\/","url":"https:\/\/www.pontesan.es\/wp-content\/uploads\/2024\/09\/yoast-empresa.jpg","contentUrl":"https:\/\/www.pontesan.es\/wp-content\/uploads\/2024\/09\/yoast-empresa.jpg","width":696,"height":696,"caption":"PonteS\u00e1n"},"image":{"@id":"https:\/\/www.pontesan.es\/#\/schema\/logo\/image\/"}},{"@type":"Person","@id":"https:\/\/www.pontesan.es\/#\/schema\/person\/85d5a05d7aa5a2548af5766ae3bdab2e","name":"PONTECERCA","image":{"@type":"ImageObject","inLanguage":"es","@id":"https:\/\/www.pontesan.es\/#\/schema\/person\/image\/","url":"https:\/\/secure.gravatar.com\/avatar\/3fd89fa4db538e8d85ebc2683176b5c3?s=96&d=mm&r=g","contentUrl":"https:\/\/secure.gravatar.com\/avatar\/3fd89fa4db538e8d85ebc2683176b5c3?s=96&d=mm&r=g","caption":"PONTECERCA"}}]}},"_links":{"self":[{"href":"https:\/\/www.pontesan.es\/es\/wp-json\/wp\/v2\/posts\/232453"}],"collection":[{"href":"https:\/\/www.pontesan.es\/es\/wp-json\/wp\/v2\/posts"}],"about":[{"href":"https:\/\/www.pontesan.es\/es\/wp-json\/wp\/v2\/types\/post"}],"author":[{"embeddable":true,"href":"https:\/\/www.pontesan.es\/es\/wp-json\/wp\/v2\/users\/18"}],"replies":[{"embeddable":true,"href":"https:\/\/www.pontesan.es\/es\/wp-json\/wp\/v2\/comments?post=232453"}],"version-history":[{"count":2,"href":"https:\/\/www.pontesan.es\/es\/wp-json\/wp\/v2\/posts\/232453\/revisions"}],"predecessor-version":[{"id":232457,"href":"https:\/\/www.pontesan.es\/es\/wp-json\/wp\/v2\/posts\/232453\/revisions\/232457"}],"wp:featuredmedia":[{"embeddable":true,"href":"https:\/\/www.pontesan.es\/es\/wp-json\/wp\/v2\/media\/232035"}],"wp:attachment":[{"href":"https:\/\/www.pontesan.es\/es\/wp-json\/wp\/v2\/media?parent=232453"}],"wp:term":[{"taxonomy":"category","embeddable":true,"href":"https:\/\/www.pontesan.es\/es\/wp-json\/wp\/v2\/categories?post=232453"},{"taxonomy":"post_tag","embeddable":true,"href":"https:\/\/www.pontesan.es\/es\/wp-json\/wp\/v2\/tags?post=232453"}],"curies":[{"name":"wp","href":"https:\/\/api.w.org\/{rel}","templated":true}]}}