{"id":232458,"date":"2025-09-22T10:45:35","date_gmt":"2025-09-22T08:45:35","guid":{"rendered":"https:\/\/www.pontesan.es\/?p=232458"},"modified":"2025-09-22T10:47:40","modified_gmt":"2025-09-22T08:47:40","slug":"alfonso-cuadros-riobo-educacion-emocional","status":"publish","type":"post","link":"https:\/\/www.pontesan.es\/es\/alfonso-cuadros-riobo-educacion-emocional\/","title":{"rendered":"Alfonso Cuadros Riob\u00f3 &#8211; Educaci\u00f3n emocional"},"content":{"rendered":"<p>[et_pb_section fb_built=&#8221;1&#8243; _builder_version=&#8221;4.16&#8243; global_colors_info=&#8221;{}&#8221;][et_pb_row _builder_version=&#8221;4.16&#8243; background_size=&#8221;initial&#8221; background_position=&#8221;top_left&#8221; background_repeat=&#8221;repeat&#8221; global_colors_info=&#8221;{}&#8221;][et_pb_column type=&#8221;4_4&#8243; _builder_version=&#8221;4.16&#8243; custom_padding=&#8221;|||&#8221; global_colors_info=&#8221;{}&#8221; custom_padding__hover=&#8221;|||&#8221;][et_pb_text _builder_version=&#8221;4.26.0&#8243; background_size=&#8221;initial&#8221; background_position=&#8221;top_left&#8221; background_repeat=&#8221;repeat&#8221; hover_enabled=&#8221;0&#8243; global_colors_info=&#8221;{}&#8221; sticky_enabled=&#8221;0&#8243;]<\/p>\n<p>El encuentro estar\u00e1 dedicado a un tema fundamental para el bienestar personal y colectivo: <strong>la educaci\u00f3n emocional<\/strong>. Para eso contaremos con la presencia de<strong> Alfonso Cuadros Riob\u00f3<\/strong>, psic\u00f3logo general sanitario, doctorado en Psicolog\u00eda Social y experto en neuropsicolog\u00eda.<\/p>\n<p>A lo largo de su trayectoria profesional trabaj\u00f3 en \u00e1mbitos muy diversos \u2014desde la salud mental grave hasta la juventud, las migraciones o lo deterioro cognitivo\u2014 tanto en instituciones p\u00fablicas como en organizaciones sociales. Adem\u00e1s, desarroll\u00f3 labores docentes y de investigaci\u00f3n, y actualmente es colaborador de Cruz Roja Pontevedra.<\/p>\n<p>En su exposici\u00f3n, Alfonso Cuadros abordar\u00e1 la educaci\u00f3n emocional (EA) como una herramienta clave para aprender a gestionar y cuidar las emociones, independientemente de la edad, el g\u00e9nero o el contexto sociocultural de cada persona.<\/p>\n<p>La charla pondr\u00e1 el acento en el car\u00e1cter preventivo y sanador de la Educaci\u00f3n Emocional en el desarrollo humano, haciendo especial hincapi\u00e9 en los desaf\u00edos actuales vinculados con el g\u00e9nero, las relaciones entre iguales y las diversas formas de discriminaci\u00f3n.<\/p>\n<p>No ser\u00e1 una sesi\u00f3n \u00fanicamente expositiva: se procurar\u00e1 la implicaci\u00f3n y participaci\u00f3n activa de las personas asistentes, favoreciendo un espacio de di\u00e1logo y aprendizaje compartida.<\/p>\n<p>[\/et_pb_text][\/et_pb_column][\/et_pb_row][\/et_pb_section]<\/p>","protected":false},"excerpt":{"rendered":"<p>Alfonso Cuadros Riob\u00f3, psic\u00f3logo general sanitario, doctorado en Psicolog\u00eda Social y experto en neuropsicolog\u00eda.<\/p>","protected":false},"author":18,"featured_media":231941,"comment_status":"closed","ping_status":"closed","sticky":false,"template":"","format":"standard","meta":{"_et_pb_use_builder":"on","_et_pb_old_content":"<p data-start=\"232\" data-end=\"341\"><strong data-start=\"232\" data-end=\"256\">Cando ser\u00e1 a charla?<\/strong><br data-start=\"256\" data-end=\"259\" \/>O s\u00e1bado 27 de agosto \u00e1s 19:00h, clausurando o programa de faladoiros de PonteSan.<\/p><hr data-start=\"343\" data-end=\"346\" \/><p data-start=\"375\" data-end=\"788\"><strong data-start=\"375\" data-end=\"408\">Quen \u00e9 Miguel Doallo Pesado?<\/strong><br data-start=\"408\" data-end=\"411\" \/>Miguel \u00c1ngel Doallo Pesado \u00e9 psic\u00f3logo, colexiado co n\u00famero G-05335 polo Colexio Oficial de Psicolox\u00eda de Galicia.<br data-start=\"563\" data-end=\"566\" \/>Traballa dentro de Cruz Roja, no equipo de Intervenci\u00f3n Inmediata (Equipos de Resposta Inmediata en Emergencias \u2014 ERIE), centrado na atenci\u00f3n psicosocial en situaci\u00f3ns de emerxencia.<\/p><hr data-start=\"790\" data-end=\"793\" \/><p data-start=\"795\" data-end=\"854\"><strong data-start=\"795\" data-end=\"852\">\u00bfQu\u00e9 fai Miguel Doallo?<\/strong><\/p><ul data-start=\"855\" data-end=\"1568\"><li data-start=\"855\" data-end=\"1023\"><p data-start=\"857\" data-end=\"1023\">\u00c9 psic\u00f3logo do ERIE auton\u00f3mico de Galicia, un equipo que act\u00faa en momentos cr\u00edticos: emerxencias, cat\u00e1strofes, crisis sociais.<\/p><\/li><li data-start=\"1024\" data-end=\"1341\"><p data-start=\"1026\" data-end=\"1341\">Tam\u00e9n lidera proxectos m\u00e1is estables de intervenci\u00f3n social. Por exemplo, participa en programas de voluntariado en contextos penitenciarios como o centro de A Lama, onde se traballa coa poblaci\u00f3n reclusa en \u00e1mbitos como habilidades sociais, sa\u00fade, e acompa\u00f1amento emocional.<\/p><\/li><li data-start=\"1024\" data-end=\"1341\"><p data-start=\"1026\" data-end=\"1341\">Fai formaci\u00f3n para voluntariado en Cruz Roja, tanto en psicolog\u00eda como en intervenci\u00f3n social, achegando ferramentas pr\u00e1cticas para interventores\/as que traballan en \u00e1mbitos sensibles.<\/p><\/li><\/ul><hr data-start=\"2341\" data-end=\"2344\" \/><p data-start=\"2346\" data-end=\"2600\"><strong data-start=\"2346\" data-end=\"2404\">\u00bfDe que vai tratar a s\u00faa charla \u201cEducaci\u00f3n emocional\u201d?<\/strong><br data-start=\"2404\" data-end=\"2407\" \/>Miguel vai centrar a s\u00faa intervenci\u00f3n en como a conciencia e xesti\u00f3n das emoci\u00f3ns poden mellorar a vida diaria, as relaci\u00f3ns persoais e a sa\u00fade mental. Alg\u00fans dos puntos que seguramente abordar\u00e1:<\/p><ul data-start=\"2602\" data-end=\"3086\"><li data-start=\"2602\" data-end=\"2713\"><p data-start=\"2604\" data-end=\"2713\">Que entendemos por \u201ceducaci\u00f3n emocional\u201d: identificar emoci\u00f3ns, reco\u00f1ecer o que sentimos, saber expresalas.<\/p><\/li><li data-start=\"2714\" data-end=\"2815\"><p data-start=\"2716\" data-end=\"2815\">Ferramentas pr\u00e1cticas para xestionar emoci\u00f3ns complicadas como ansiedade, estr\u00e9s, medo, tristeza.<\/p><\/li><li data-start=\"2816\" data-end=\"2938\"><p data-start=\"2818\" data-end=\"2938\">Como aplicar estas ferramentas en distintos \u00e1mbitos: na familia, no traballo, no voluntariado e nos momentos de crise.<\/p><\/li><li data-start=\"2939\" data-end=\"3086\"><p data-start=\"2941\" data-end=\"3086\">A importancia da empat\u00eda, da autorregulaci\u00f3n emocional e do coidado emocional propio (non s\u00f3 para quen recibe axuda, sen\u00f3n para quen a presta).<\/p><\/li><\/ul><hr data-start=\"3088\" data-end=\"3091\" \/><p data-start=\"3093\" data-end=\"3174\"><strong data-start=\"3093\" data-end=\"3172\">\u00bfPor que \u00e9 unha charla importante para calquera persoa que vaia a PonteSan?<\/strong><\/p><ul data-start=\"3176\" data-end=\"3827\"><li data-start=\"3176\" data-end=\"3454\"><p data-start=\"3178\" data-end=\"3454\">Porque, a\u00ednda que non sexas psic\u00f3logo ou traballas en emerxencias, as emoci\u00f3ns forman parte da t\u00faa vida. Todos enfrontamos momentos dif\u00edciles, perdas, dificultades ou cambios. Saber reco\u00f1ecer o que sentimos e ter ferramentas para xestionalo mellora moito a calidade de vida.<\/p><\/li><li data-start=\"3455\" data-end=\"3664\"><p data-start=\"3457\" data-end=\"3664\">Miguel non v\u00e9n s\u00f3 con teor\u00eda, sen\u00f3n con experiencia pr\u00e1ctica: intervenci\u00f3ns reais en emerxencias, formaci\u00f3n de voluntariado, acompa\u00f1amento en contextos extremos\u2026 iso fai que o que nos conte sexa aplicable.<\/p><\/li><li data-start=\"3665\" data-end=\"3827\"><p data-start=\"3667\" data-end=\"3827\">Ademais, en tempos nos que a sa\u00fade mental est\u00e1 m\u00e1is exposta que nunca, falas coma esta permiten romper estigmas, aprender a pedir axuda e a apoiar aos demais.<\/p><\/li><\/ul><hr data-start=\"3829\" data-end=\"3832\" \/><h3 data-start=\"3834\" data-end=\"3853\">Peche motivador<\/h3><p data-start=\"3855\" data-end=\"4250\">Se queres entender mellor como te sentes, como as t\u00faas emoci\u00f3ns infl\u00faen no teu d\u00eda a d\u00eda, nas t\u00faas relaci\u00f3ns e na t\u00faa sa\u00fade, non perdas esta charla. \u201cEducaci\u00f3n emocional\u201d con Miguel Doallo promete ser unha viaxe non s\u00f3 de aprendizaxe, sen\u00f3n tam\u00e9n de reco\u00f1ecemento persoal e empat\u00eda colectiva. V\u00e9monos en PonteSan para pechar este encontro con algo que nos une a todos: o coraz\u00f3n e as emoci\u00f3ns.<\/p>","_et_gb_content_width":"","inline_featured_image":false,"footnotes":""},"categories":[42],"tags":[],"class_list":["post-232458","post","type-post","status-publish","format-standard","has-post-thumbnail","hentry","category-uncategorized-es"],"yoast_head":"<!-- This site is optimized with the Yoast SEO plugin v23.1 - https:\/\/yoast.com\/wordpress\/plugins\/seo\/ -->\n<title>Alfonso Cuadros Riob\u00f3 - Educaci\u00f3n emocional - Pontesan<\/title>\n<meta name=\"description\" content=\"Alfonso Cuadros Riob\u00f3, psic\u00f3logo xeral sanitario, doutorado en Psicolox\u00eda Social e experto en neuropsicolox\u00eda. A charla po\u00f1er\u00e1 o acento no car\u00e1cter preventivo e sanador da Educaci\u00f3n Emocional no desenvolvemento humano...\" \/>\n<meta name=\"robots\" content=\"noindex, follow\" \/>\n<meta property=\"og:locale\" content=\"es_ES\" \/>\n<meta property=\"og:type\" content=\"article\" \/>\n<meta property=\"og:title\" content=\"Alfonso Cuadros Riob\u00f3 - Educaci\u00f3n emocional - Pontesan\" \/>\n<meta property=\"og:description\" content=\"Alfonso Cuadros Riob\u00f3, psic\u00f3logo xeral sanitario, doutorado en Psicolox\u00eda Social e experto en neuropsicolox\u00eda. A charla po\u00f1er\u00e1 o acento no car\u00e1cter preventivo e sanador da Educaci\u00f3n Emocional no desenvolvemento humano...\" \/>\n<meta property=\"og:url\" content=\"https:\/\/www.pontesan.es\/es\/alfonso-cuadros-riobo-educacion-emocional\/\" \/>\n<meta property=\"og:site_name\" content=\"Pontesan\" \/>\n<meta property=\"article:published_time\" content=\"2025-09-22T08:45:35+00:00\" \/>\n<meta property=\"article:modified_time\" content=\"2025-09-22T08:47:40+00:00\" \/>\n<meta property=\"og:image\" content=\"https:\/\/www.pontesan.es\/wp-content\/uploads\/2025\/09\/riobo.jpg\" \/>\n\t<meta property=\"og:image:width\" content=\"640\" \/>\n\t<meta property=\"og:image:height\" content=\"853\" \/>\n\t<meta property=\"og:image:type\" content=\"image\/jpeg\" \/>\n<meta name=\"author\" content=\"PONTECERCA\" \/>\n<meta name=\"twitter:card\" content=\"summary_large_image\" \/>\n<meta name=\"twitter:label1\" content=\"Escrito por\" \/>\n\t<meta name=\"twitter:data1\" content=\"PONTECERCA\" \/>\n\t<meta name=\"twitter:label2\" content=\"Tiempo de lectura\" \/>\n\t<meta name=\"twitter:data2\" content=\"2 minutos\" \/>\n<script type=\"application\/ld+json\" class=\"yoast-schema-graph\">{\"@context\":\"https:\/\/schema.org\",\"@graph\":[{\"@type\":\"Article\",\"@id\":\"https:\/\/www.pontesan.es\/es\/alfonso-cuadros-riobo-educacion-emocional\/#article\",\"isPartOf\":{\"@id\":\"https:\/\/www.pontesan.es\/es\/alfonso-cuadros-riobo-educacion-emocional\/\"},\"author\":{\"name\":\"PONTECERCA\",\"@id\":\"https:\/\/www.pontesan.es\/#\/schema\/person\/85d5a05d7aa5a2548af5766ae3bdab2e\"},\"headline\":\"Alfonso Cuadros Riob\u00f3 &#8211; Educaci\u00f3n emocional\",\"datePublished\":\"2025-09-22T08:45:35+00:00\",\"dateModified\":\"2025-09-22T08:47:40+00:00\",\"mainEntityOfPage\":{\"@id\":\"https:\/\/www.pontesan.es\/es\/alfonso-cuadros-riobo-educacion-emocional\/\"},\"wordCount\":289,\"publisher\":{\"@id\":\"https:\/\/www.pontesan.es\/#organization\"},\"image\":{\"@id\":\"https:\/\/www.pontesan.es\/es\/alfonso-cuadros-riobo-educacion-emocional\/#primaryimage\"},\"thumbnailUrl\":\"https:\/\/www.pontesan.es\/wp-content\/uploads\/2025\/09\/riobo.jpg\",\"articleSection\":[\"Uncategorized\"],\"inLanguage\":\"es\"},{\"@type\":\"WebPage\",\"@id\":\"https:\/\/www.pontesan.es\/es\/alfonso-cuadros-riobo-educacion-emocional\/\",\"url\":\"https:\/\/www.pontesan.es\/es\/alfonso-cuadros-riobo-educacion-emocional\/\",\"name\":\"Alfonso Cuadros Riob\u00f3 - Educaci\u00f3n emocional - Pontesan\",\"isPartOf\":{\"@id\":\"https:\/\/www.pontesan.es\/#website\"},\"primaryImageOfPage\":{\"@id\":\"https:\/\/www.pontesan.es\/es\/alfonso-cuadros-riobo-educacion-emocional\/#primaryimage\"},\"image\":{\"@id\":\"https:\/\/www.pontesan.es\/es\/alfonso-cuadros-riobo-educacion-emocional\/#primaryimage\"},\"thumbnailUrl\":\"https:\/\/www.pontesan.es\/wp-content\/uploads\/2025\/09\/riobo.jpg\",\"datePublished\":\"2025-09-22T08:45:35+00:00\",\"dateModified\":\"2025-09-22T08:47:40+00:00\",\"description\":\"Alfonso Cuadros Riob\u00f3, psic\u00f3logo xeral sanitario, doutorado en Psicolox\u00eda Social e experto en neuropsicolox\u00eda. A charla po\u00f1er\u00e1 o acento no car\u00e1cter preventivo e sanador da Educaci\u00f3n Emocional no desenvolvemento humano...\",\"breadcrumb\":{\"@id\":\"https:\/\/www.pontesan.es\/es\/alfonso-cuadros-riobo-educacion-emocional\/#breadcrumb\"},\"inLanguage\":\"es\",\"potentialAction\":[{\"@type\":\"ReadAction\",\"target\":[\"https:\/\/www.pontesan.es\/es\/alfonso-cuadros-riobo-educacion-emocional\/\"]}]},{\"@type\":\"ImageObject\",\"inLanguage\":\"es\",\"@id\":\"https:\/\/www.pontesan.es\/es\/alfonso-cuadros-riobo-educacion-emocional\/#primaryimage\",\"url\":\"https:\/\/www.pontesan.es\/wp-content\/uploads\/2025\/09\/riobo.jpg\",\"contentUrl\":\"https:\/\/www.pontesan.es\/wp-content\/uploads\/2025\/09\/riobo.jpg\",\"width\":640,\"height\":853},{\"@type\":\"BreadcrumbList\",\"@id\":\"https:\/\/www.pontesan.es\/es\/alfonso-cuadros-riobo-educacion-emocional\/#breadcrumb\",\"itemListElement\":[{\"@type\":\"ListItem\",\"position\":1,\"name\":\"Home\",\"item\":\"https:\/\/www.pontesan.es\/\"},{\"@type\":\"ListItem\",\"position\":2,\"name\":\"Alfonso Cuadros Riob\u00f3 &#8211; Educaci\u00f3n emocional\"}]},{\"@type\":\"WebSite\",\"@id\":\"https:\/\/www.pontesan.es\/#website\",\"url\":\"https:\/\/www.pontesan.es\/\",\"name\":\"Pontesan\",\"description\":\"\",\"publisher\":{\"@id\":\"https:\/\/www.pontesan.es\/#organization\"},\"potentialAction\":[{\"@type\":\"SearchAction\",\"target\":{\"@type\":\"EntryPoint\",\"urlTemplate\":\"https:\/\/www.pontesan.es\/?s={search_term_string}\"},\"query-input\":\"required name=search_term_string\"}],\"inLanguage\":\"es\"},{\"@type\":\"Organization\",\"@id\":\"https:\/\/www.pontesan.es\/#organization\",\"name\":\"PonteS\u00e1n\",\"alternateName\":\"PonteS\u00e1n\",\"url\":\"https:\/\/www.pontesan.es\/\",\"logo\":{\"@type\":\"ImageObject\",\"inLanguage\":\"es\",\"@id\":\"https:\/\/www.pontesan.es\/#\/schema\/logo\/image\/\",\"url\":\"https:\/\/www.pontesan.es\/wp-content\/uploads\/2024\/09\/yoast-empresa.jpg\",\"contentUrl\":\"https:\/\/www.pontesan.es\/wp-content\/uploads\/2024\/09\/yoast-empresa.jpg\",\"width\":696,\"height\":696,\"caption\":\"PonteS\u00e1n\"},\"image\":{\"@id\":\"https:\/\/www.pontesan.es\/#\/schema\/logo\/image\/\"}},{\"@type\":\"Person\",\"@id\":\"https:\/\/www.pontesan.es\/#\/schema\/person\/85d5a05d7aa5a2548af5766ae3bdab2e\",\"name\":\"PONTECERCA\",\"image\":{\"@type\":\"ImageObject\",\"inLanguage\":\"es\",\"@id\":\"https:\/\/www.pontesan.es\/#\/schema\/person\/image\/\",\"url\":\"https:\/\/secure.gravatar.com\/avatar\/3fd89fa4db538e8d85ebc2683176b5c3?s=96&d=mm&r=g\",\"contentUrl\":\"https:\/\/secure.gravatar.com\/avatar\/3fd89fa4db538e8d85ebc2683176b5c3?s=96&d=mm&r=g\",\"caption\":\"PONTECERCA\"}}]}<\/script>\n<!-- \/ Yoast SEO plugin. -->","yoast_head_json":{"title":"Alfonso Cuadros Riob\u00f3 - Educaci\u00f3n emocional - Pontesan","description":"Alfonso Cuadros Riob\u00f3, psic\u00f3logo xeral sanitario, doutorado en Psicolox\u00eda Social e experto en neuropsicolox\u00eda. A charla po\u00f1er\u00e1 o acento no car\u00e1cter preventivo e sanador da Educaci\u00f3n Emocional no desenvolvemento humano...","robots":{"index":"noindex","follow":"follow"},"og_locale":"es_ES","og_type":"article","og_title":"Alfonso Cuadros Riob\u00f3 - Educaci\u00f3n emocional - Pontesan","og_description":"Alfonso Cuadros Riob\u00f3, psic\u00f3logo xeral sanitario, doutorado en Psicolox\u00eda Social e experto en neuropsicolox\u00eda. A charla po\u00f1er\u00e1 o acento no car\u00e1cter preventivo e sanador da Educaci\u00f3n Emocional no desenvolvemento humano...","og_url":"https:\/\/www.pontesan.es\/es\/alfonso-cuadros-riobo-educacion-emocional\/","og_site_name":"Pontesan","article_published_time":"2025-09-22T08:45:35+00:00","article_modified_time":"2025-09-22T08:47:40+00:00","og_image":[{"width":640,"height":853,"url":"https:\/\/www.pontesan.es\/wp-content\/uploads\/2025\/09\/riobo.jpg","type":"image\/jpeg"}],"author":"PONTECERCA","twitter_card":"summary_large_image","twitter_misc":{"Escrito por":"PONTECERCA","Tiempo de lectura":"2 minutos"},"schema":{"@context":"https:\/\/schema.org","@graph":[{"@type":"Article","@id":"https:\/\/www.pontesan.es\/es\/alfonso-cuadros-riobo-educacion-emocional\/#article","isPartOf":{"@id":"https:\/\/www.pontesan.es\/es\/alfonso-cuadros-riobo-educacion-emocional\/"},"author":{"name":"PONTECERCA","@id":"https:\/\/www.pontesan.es\/#\/schema\/person\/85d5a05d7aa5a2548af5766ae3bdab2e"},"headline":"Alfonso Cuadros Riob\u00f3 &#8211; Educaci\u00f3n emocional","datePublished":"2025-09-22T08:45:35+00:00","dateModified":"2025-09-22T08:47:40+00:00","mainEntityOfPage":{"@id":"https:\/\/www.pontesan.es\/es\/alfonso-cuadros-riobo-educacion-emocional\/"},"wordCount":289,"publisher":{"@id":"https:\/\/www.pontesan.es\/#organization"},"image":{"@id":"https:\/\/www.pontesan.es\/es\/alfonso-cuadros-riobo-educacion-emocional\/#primaryimage"},"thumbnailUrl":"https:\/\/www.pontesan.es\/wp-content\/uploads\/2025\/09\/riobo.jpg","articleSection":["Uncategorized"],"inLanguage":"es"},{"@type":"WebPage","@id":"https:\/\/www.pontesan.es\/es\/alfonso-cuadros-riobo-educacion-emocional\/","url":"https:\/\/www.pontesan.es\/es\/alfonso-cuadros-riobo-educacion-emocional\/","name":"Alfonso Cuadros Riob\u00f3 - Educaci\u00f3n emocional - Pontesan","isPartOf":{"@id":"https:\/\/www.pontesan.es\/#website"},"primaryImageOfPage":{"@id":"https:\/\/www.pontesan.es\/es\/alfonso-cuadros-riobo-educacion-emocional\/#primaryimage"},"image":{"@id":"https:\/\/www.pontesan.es\/es\/alfonso-cuadros-riobo-educacion-emocional\/#primaryimage"},"thumbnailUrl":"https:\/\/www.pontesan.es\/wp-content\/uploads\/2025\/09\/riobo.jpg","datePublished":"2025-09-22T08:45:35+00:00","dateModified":"2025-09-22T08:47:40+00:00","description":"Alfonso Cuadros Riob\u00f3, psic\u00f3logo xeral sanitario, doutorado en Psicolox\u00eda Social e experto en neuropsicolox\u00eda. A charla po\u00f1er\u00e1 o acento no car\u00e1cter preventivo e sanador da Educaci\u00f3n Emocional no desenvolvemento humano...","breadcrumb":{"@id":"https:\/\/www.pontesan.es\/es\/alfonso-cuadros-riobo-educacion-emocional\/#breadcrumb"},"inLanguage":"es","potentialAction":[{"@type":"ReadAction","target":["https:\/\/www.pontesan.es\/es\/alfonso-cuadros-riobo-educacion-emocional\/"]}]},{"@type":"ImageObject","inLanguage":"es","@id":"https:\/\/www.pontesan.es\/es\/alfonso-cuadros-riobo-educacion-emocional\/#primaryimage","url":"https:\/\/www.pontesan.es\/wp-content\/uploads\/2025\/09\/riobo.jpg","contentUrl":"https:\/\/www.pontesan.es\/wp-content\/uploads\/2025\/09\/riobo.jpg","width":640,"height":853},{"@type":"BreadcrumbList","@id":"https:\/\/www.pontesan.es\/es\/alfonso-cuadros-riobo-educacion-emocional\/#breadcrumb","itemListElement":[{"@type":"ListItem","position":1,"name":"Home","item":"https:\/\/www.pontesan.es\/"},{"@type":"ListItem","position":2,"name":"Alfonso Cuadros Riob\u00f3 &#8211; Educaci\u00f3n emocional"}]},{"@type":"WebSite","@id":"https:\/\/www.pontesan.es\/#website","url":"https:\/\/www.pontesan.es\/","name":"Pontesan","description":"","publisher":{"@id":"https:\/\/www.pontesan.es\/#organization"},"potentialAction":[{"@type":"SearchAction","target":{"@type":"EntryPoint","urlTemplate":"https:\/\/www.pontesan.es\/?s={search_term_string}"},"query-input":"required name=search_term_string"}],"inLanguage":"es"},{"@type":"Organization","@id":"https:\/\/www.pontesan.es\/#organization","name":"PonteS\u00e1n","alternateName":"PonteS\u00e1n","url":"https:\/\/www.pontesan.es\/","logo":{"@type":"ImageObject","inLanguage":"es","@id":"https:\/\/www.pontesan.es\/#\/schema\/logo\/image\/","url":"https:\/\/www.pontesan.es\/wp-content\/uploads\/2024\/09\/yoast-empresa.jpg","contentUrl":"https:\/\/www.pontesan.es\/wp-content\/uploads\/2024\/09\/yoast-empresa.jpg","width":696,"height":696,"caption":"PonteS\u00e1n"},"image":{"@id":"https:\/\/www.pontesan.es\/#\/schema\/logo\/image\/"}},{"@type":"Person","@id":"https:\/\/www.pontesan.es\/#\/schema\/person\/85d5a05d7aa5a2548af5766ae3bdab2e","name":"PONTECERCA","image":{"@type":"ImageObject","inLanguage":"es","@id":"https:\/\/www.pontesan.es\/#\/schema\/person\/image\/","url":"https:\/\/secure.gravatar.com\/avatar\/3fd89fa4db538e8d85ebc2683176b5c3?s=96&d=mm&r=g","contentUrl":"https:\/\/secure.gravatar.com\/avatar\/3fd89fa4db538e8d85ebc2683176b5c3?s=96&d=mm&r=g","caption":"PONTECERCA"}}]}},"_links":{"self":[{"href":"https:\/\/www.pontesan.es\/es\/wp-json\/wp\/v2\/posts\/232458"}],"collection":[{"href":"https:\/\/www.pontesan.es\/es\/wp-json\/wp\/v2\/posts"}],"about":[{"href":"https:\/\/www.pontesan.es\/es\/wp-json\/wp\/v2\/types\/post"}],"author":[{"embeddable":true,"href":"https:\/\/www.pontesan.es\/es\/wp-json\/wp\/v2\/users\/18"}],"replies":[{"embeddable":true,"href":"https:\/\/www.pontesan.es\/es\/wp-json\/wp\/v2\/comments?post=232458"}],"version-history":[{"count":2,"href":"https:\/\/www.pontesan.es\/es\/wp-json\/wp\/v2\/posts\/232458\/revisions"}],"predecessor-version":[{"id":232462,"href":"https:\/\/www.pontesan.es\/es\/wp-json\/wp\/v2\/posts\/232458\/revisions\/232462"}],"wp:featuredmedia":[{"embeddable":true,"href":"https:\/\/www.pontesan.es\/es\/wp-json\/wp\/v2\/media\/231941"}],"wp:attachment":[{"href":"https:\/\/www.pontesan.es\/es\/wp-json\/wp\/v2\/media?parent=232458"}],"wp:term":[{"taxonomy":"category","embeddable":true,"href":"https:\/\/www.pontesan.es\/es\/wp-json\/wp\/v2\/categories?post=232458"},{"taxonomy":"post_tag","embeddable":true,"href":"https:\/\/www.pontesan.es\/es\/wp-json\/wp\/v2\/tags?post=232458"}],"curies":[{"name":"wp","href":"https:\/\/api.w.org\/{rel}","templated":true}]}}