{"id":232476,"date":"2025-09-22T11:17:10","date_gmt":"2025-09-22T09:17:10","guid":{"rendered":"https:\/\/www.pontesan.es\/?p=232476"},"modified":"2025-09-22T11:18:34","modified_gmt":"2025-09-22T09:18:34","slug":"dr-angel-maria-carracedo-alvarez","status":"publish","type":"post","link":"https:\/\/www.pontesan.es\/es\/dr-angel-maria-carracedo-alvarez\/","title":{"rendered":"Dr. \u00c1ngel Mar\u00eda Carracedo \u00c1lvarez"},"content":{"rendered":"<p>[et_pb_section fb_built=&#8221;1&#8243; _builder_version=&#8221;4.16&#8243; global_colors_info=&#8221;{}&#8221;][et_pb_row _builder_version=&#8221;4.16&#8243; background_size=&#8221;initial&#8221; background_position=&#8221;top_left&#8221; background_repeat=&#8221;repeat&#8221; global_colors_info=&#8221;{}&#8221;][et_pb_column type=&#8221;4_4&#8243; _builder_version=&#8221;4.16&#8243; custom_padding=&#8221;|||&#8221; global_colors_info=&#8221;{}&#8221; custom_padding__hover=&#8221;|||&#8221;][et_pb_text _builder_version=&#8221;4.26.0&#8243; background_size=&#8221;initial&#8221; background_position=&#8221;top_left&#8221; background_repeat=&#8221;repeat&#8221; global_colors_info=&#8221;{}&#8221;]<\/p>\n<p>Es uno de los cient\u00edficos gallegos m\u00e1s reconocidos a nivel mundial: el doctor <strong>\u00c1ngel Mar\u00eda Carracedo \u00c1lvarez<\/strong>. El viernes 26 de agosto, a las 11:30h, abrir\u00e1 el programa de tertulias con un tema tan actual como desafiante: <strong>la gen\u00e9tica de los trastornos psiqui\u00e1tricos.<\/strong><\/p>\n<p>Carracedo es un referente internacional en el \u00e1mbito de la medicina gen\u00f3mica. Se licenci\u00f3 en Medicina en la Universidad de Santiago de Compostela en 1978, obteniendo el Premio Extraordinario de Licenciatura, y se doctor\u00f3 tambi\u00e9n con Premio Extraordinario en 1982. Desde 1989 es Catedr\u00e1tico de Medicina Legal de la USC y dirigi\u00f3 durante casi dos d\u00e9cadas el Instituto de Medicina Legal de la misma universidad. Actualmente es director de la Fundaci\u00f3n P\u00fablica Gallega de Medicina Gen\u00f3mica y del Centro Nacional de Genotipado-ISCIII (CEGEN), adem\u00e1s de coordinar el Grupo de Medicina Gen\u00f3mica de la USC y participar en el CIBERER (Centro de Investigaci\u00f3n Biom\u00e9dica en Red de Enfermedades Raras).<\/p>\n<p>En su carrera public\u00f3 m\u00e1s de 340 art\u00edculos en revistas cient\u00edficas de m\u00e1ximo prestigio, incluyendo Nature y Science. Es editor de la revista Forensic Science International: Genetics y forma parte de numerosos comit\u00e9s editoriales internacionales.<\/p>\n<p>En su intervenci\u00f3n en PonteSan, hablar\u00e1 sobre como la ciencia est\u00e1 descubriendo cada vez m\u00e1s conexiones entre nuestros genes y los trastornos de la salud mental. Explicar\u00e1 de manera clara y accesible como estos avances pueden ayudar en el futuro a mejorar el diagn\u00f3stico, dise\u00f1ar tratamientos m\u00e1s personalizados y comprender mejor la relaci\u00f3n entre herencia y entorno.<\/p>\n<p>Una cita imprescindible para todas las personas interesadas en conocer de cerca como la investigaci\u00f3n puntera puede transformar nuestra forma de entender la salud mental.<\/p>\n<p>[\/et_pb_text][\/et_pb_column][\/et_pb_row][\/et_pb_section]<\/p>","protected":false},"excerpt":{"rendered":"<p>Es uno de los cient\u00edficos gallegos m\u00e1s reconocidos a nivel mundial: el doctor \u00c1ngel Mar\u00eda Carracedo \u00c1lvarez. El viernes 26 de agosto, a las 11:30h, abrir\u00e1 el programa de tertulias con un tema tan actual como desafiante: la gen\u00e9tica de los trastornos psiqui\u00e1tricos. Carracedo es un referente internacional en el \u00e1mbito de la medicina gen\u00f3mica. [&hellip;]<\/p>","protected":false},"author":18,"featured_media":231786,"comment_status":"closed","ping_status":"closed","sticky":false,"template":"","format":"standard","meta":{"_et_pb_use_builder":"on","_et_pb_old_content":"<p>Este ano en PonteSan temos a honra de contar cun dos cient\u00edficos galegos m\u00e1is reco\u00f1ecidos a nivel mundial: o doutor <strong data-start=\"634\" data-end=\"667\">\u00c1ngel Mar\u00eda Carracedo \u00c1lvarez<\/strong>. O venres 26 de agosto, \u00e1s 11:30h, abrir\u00e1 o programa de faladoiros cun tema tan actual como desafiante: a <strong data-start=\"774\" data-end=\"815\">xen\u00e9tica dos trastornos psiqui\u00e1tricos<\/strong>.<\/p><p data-start=\"820\" data-end=\"1507\">Carracedo \u00e9 unha referente internacional no \u00e1mbito da medicina xen\u00f3mica. Licenciouse en Medicina na Universidade de Santiago de Compostela en 1978, obtendo o <strong data-start=\"979\" data-end=\"1020\">Premio Extraordinario de Licenciatura<\/strong>, e doutorouse tam\u00e9n con Premio Extraordinario en 1982. Desde 1989 \u00e9 <strong data-start=\"1089\" data-end=\"1129\">Catedr\u00e1tico de Medicina Legal da USC<\/strong> e dirixiu durante case d\u00faas d\u00e9cadas o Instituto de Medicina Legal da mesma universidade. Actualmente \u00e9 director da <strong data-start=\"1245\" data-end=\"1294\">Fundaci\u00f3n P\u00fablica Galega de Medicina Xen\u00f3mica<\/strong> e do <strong data-start=\"1300\" data-end=\"1348\">Centro Nacional de Xenotipado-ISCIII (CEGEN)<\/strong>, ademais de coordinar o <strong data-start=\"1373\" data-end=\"1410\">Grupo de Medicina Xen\u00f3mica da USC<\/strong> e participar no <strong data-start=\"1427\" data-end=\"1438\">CIBERER<\/strong> (Centro de Investigaci\u00f3n Biom\u00e9dica en Rede de Enfermidades Raras).<\/p><p data-start=\"1509\" data-end=\"1761\">Na s\u00faa carreira publicou m\u00e1is de <strong data-start=\"1542\" data-end=\"1601\">340 artigos en revistas cient\u00edficas de m\u00e1ximo prestixio<\/strong>, inclu\u00edndo <em data-start=\"1613\" data-end=\"1621\">Nature<\/em> e <em data-start=\"1624\" data-end=\"1633\">Science<\/em>. \u00c9 editor da revista <em data-start=\"1655\" data-end=\"1697\">Forensic Science International: Genetics<\/em> e forma parte de numerosos comit\u00e9s editoriais internacionais.<\/p><p data-start=\"1763\" data-end=\"2124\">Na s\u00faa intervenci\u00f3n en PonteSan, falar\u00e1 sobre como a ciencia est\u00e1 a descubrir cada vez m\u00e1is conexi\u00f3ns entre os nosos xenes e os trastornos da sa\u00fade mental. Explicar\u00e1 de maneira clara e accesible como estes avances poden axudar no futuro a mellorar o diagn\u00f3stico, dese\u00f1ar tratamentos m\u00e1is personalizados e comprender mellor a relaci\u00f3n entre herdanza e entorno.<\/p><p data-start=\"2126\" data-end=\"2294\">Unha cita imprescindible para t\u00f3dalas persoas interesadas en co\u00f1ecer de preto como a investigaci\u00f3n punteira pode transformar a nosa forma de entender a sa\u00fade mental.<\/p>","_et_gb_content_width":"","inline_featured_image":false,"footnotes":""},"categories":[42],"tags":[],"class_list":["post-232476","post","type-post","status-publish","format-standard","has-post-thumbnail","hentry","category-uncategorized-es"],"yoast_head":"<!-- This site is optimized with the Yoast SEO plugin v23.1 - https:\/\/yoast.com\/wordpress\/plugins\/seo\/ -->\n<title>Dr. \u00c1ngel Mar\u00eda Carracedo \u00c1lvarez - Pontesan<\/title>\n<meta name=\"description\" content=\"Faladoiro en PonteSan 2025: Xen\u00e9tica dos trastornos psiqui\u00e1tricos polo gran Dr. \u00c1ngel Mar\u00eda Carracedo \u00c1lvarez\" \/>\n<meta name=\"robots\" content=\"noindex, follow\" \/>\n<meta property=\"og:locale\" content=\"es_ES\" \/>\n<meta property=\"og:type\" content=\"article\" \/>\n<meta property=\"og:title\" content=\"Dr. \u00c1ngel Mar\u00eda Carracedo \u00c1lvarez - Pontesan\" \/>\n<meta property=\"og:description\" content=\"Faladoiro en PonteSan 2025: Xen\u00e9tica dos trastornos psiqui\u00e1tricos polo gran Dr. \u00c1ngel Mar\u00eda Carracedo \u00c1lvarez\" \/>\n<meta property=\"og:url\" content=\"https:\/\/www.pontesan.es\/es\/dr-angel-maria-carracedo-alvarez\/\" \/>\n<meta property=\"og:site_name\" content=\"Pontesan\" \/>\n<meta property=\"article:published_time\" content=\"2025-09-22T09:17:10+00:00\" \/>\n<meta property=\"article:modified_time\" content=\"2025-09-22T09:18:34+00:00\" \/>\n<meta property=\"og:image\" content=\"https:\/\/www.pontesan.es\/wp-content\/uploads\/2025\/09\/carracedo.jpg\" \/>\n\t<meta property=\"og:image:width\" content=\"900\" \/>\n\t<meta property=\"og:image:height\" content=\"507\" \/>\n\t<meta property=\"og:image:type\" content=\"image\/jpeg\" \/>\n<meta name=\"author\" content=\"PONTECERCA\" \/>\n<meta name=\"twitter:card\" content=\"summary_large_image\" \/>\n<meta name=\"twitter:label1\" content=\"Escrito por\" \/>\n\t<meta name=\"twitter:data1\" content=\"PONTECERCA\" \/>\n\t<meta name=\"twitter:label2\" content=\"Tiempo de lectura\" \/>\n\t<meta name=\"twitter:data2\" content=\"2 minutos\" \/>\n<script type=\"application\/ld+json\" class=\"yoast-schema-graph\">{\"@context\":\"https:\/\/schema.org\",\"@graph\":[{\"@type\":\"Article\",\"@id\":\"https:\/\/www.pontesan.es\/es\/dr-angel-maria-carracedo-alvarez\/#article\",\"isPartOf\":{\"@id\":\"https:\/\/www.pontesan.es\/es\/dr-angel-maria-carracedo-alvarez\/\"},\"author\":{\"name\":\"PONTECERCA\",\"@id\":\"https:\/\/www.pontesan.es\/#\/schema\/person\/85d5a05d7aa5a2548af5766ae3bdab2e\"},\"headline\":\"Dr. \u00c1ngel Mar\u00eda Carracedo \u00c1lvarez\",\"datePublished\":\"2025-09-22T09:17:10+00:00\",\"dateModified\":\"2025-09-22T09:18:34+00:00\",\"mainEntityOfPage\":{\"@id\":\"https:\/\/www.pontesan.es\/es\/dr-angel-maria-carracedo-alvarez\/\"},\"wordCount\":369,\"publisher\":{\"@id\":\"https:\/\/www.pontesan.es\/#organization\"},\"image\":{\"@id\":\"https:\/\/www.pontesan.es\/es\/dr-angel-maria-carracedo-alvarez\/#primaryimage\"},\"thumbnailUrl\":\"https:\/\/www.pontesan.es\/wp-content\/uploads\/2025\/09\/carracedo.jpg\",\"articleSection\":[\"Uncategorized\"],\"inLanguage\":\"es\"},{\"@type\":\"WebPage\",\"@id\":\"https:\/\/www.pontesan.es\/es\/dr-angel-maria-carracedo-alvarez\/\",\"url\":\"https:\/\/www.pontesan.es\/es\/dr-angel-maria-carracedo-alvarez\/\",\"name\":\"Dr. \u00c1ngel Mar\u00eda Carracedo \u00c1lvarez - Pontesan\",\"isPartOf\":{\"@id\":\"https:\/\/www.pontesan.es\/#website\"},\"primaryImageOfPage\":{\"@id\":\"https:\/\/www.pontesan.es\/es\/dr-angel-maria-carracedo-alvarez\/#primaryimage\"},\"image\":{\"@id\":\"https:\/\/www.pontesan.es\/es\/dr-angel-maria-carracedo-alvarez\/#primaryimage\"},\"thumbnailUrl\":\"https:\/\/www.pontesan.es\/wp-content\/uploads\/2025\/09\/carracedo.jpg\",\"datePublished\":\"2025-09-22T09:17:10+00:00\",\"dateModified\":\"2025-09-22T09:18:34+00:00\",\"description\":\"Faladoiro en PonteSan 2025: Xen\u00e9tica dos trastornos psiqui\u00e1tricos polo gran Dr. \u00c1ngel Mar\u00eda Carracedo \u00c1lvarez\",\"breadcrumb\":{\"@id\":\"https:\/\/www.pontesan.es\/es\/dr-angel-maria-carracedo-alvarez\/#breadcrumb\"},\"inLanguage\":\"es\",\"potentialAction\":[{\"@type\":\"ReadAction\",\"target\":[\"https:\/\/www.pontesan.es\/es\/dr-angel-maria-carracedo-alvarez\/\"]}]},{\"@type\":\"ImageObject\",\"inLanguage\":\"es\",\"@id\":\"https:\/\/www.pontesan.es\/es\/dr-angel-maria-carracedo-alvarez\/#primaryimage\",\"url\":\"https:\/\/www.pontesan.es\/wp-content\/uploads\/2025\/09\/carracedo.jpg\",\"contentUrl\":\"https:\/\/www.pontesan.es\/wp-content\/uploads\/2025\/09\/carracedo.jpg\",\"width\":900,\"height\":507},{\"@type\":\"BreadcrumbList\",\"@id\":\"https:\/\/www.pontesan.es\/es\/dr-angel-maria-carracedo-alvarez\/#breadcrumb\",\"itemListElement\":[{\"@type\":\"ListItem\",\"position\":1,\"name\":\"Home\",\"item\":\"https:\/\/www.pontesan.es\/\"},{\"@type\":\"ListItem\",\"position\":2,\"name\":\"Dr. \u00c1ngel Mar\u00eda Carracedo \u00c1lvarez\"}]},{\"@type\":\"WebSite\",\"@id\":\"https:\/\/www.pontesan.es\/#website\",\"url\":\"https:\/\/www.pontesan.es\/\",\"name\":\"Pontesan\",\"description\":\"\",\"publisher\":{\"@id\":\"https:\/\/www.pontesan.es\/#organization\"},\"potentialAction\":[{\"@type\":\"SearchAction\",\"target\":{\"@type\":\"EntryPoint\",\"urlTemplate\":\"https:\/\/www.pontesan.es\/?s={search_term_string}\"},\"query-input\":\"required name=search_term_string\"}],\"inLanguage\":\"es\"},{\"@type\":\"Organization\",\"@id\":\"https:\/\/www.pontesan.es\/#organization\",\"name\":\"PonteS\u00e1n\",\"alternateName\":\"PonteS\u00e1n\",\"url\":\"https:\/\/www.pontesan.es\/\",\"logo\":{\"@type\":\"ImageObject\",\"inLanguage\":\"es\",\"@id\":\"https:\/\/www.pontesan.es\/#\/schema\/logo\/image\/\",\"url\":\"https:\/\/www.pontesan.es\/wp-content\/uploads\/2024\/09\/yoast-empresa.jpg\",\"contentUrl\":\"https:\/\/www.pontesan.es\/wp-content\/uploads\/2024\/09\/yoast-empresa.jpg\",\"width\":696,\"height\":696,\"caption\":\"PonteS\u00e1n\"},\"image\":{\"@id\":\"https:\/\/www.pontesan.es\/#\/schema\/logo\/image\/\"}},{\"@type\":\"Person\",\"@id\":\"https:\/\/www.pontesan.es\/#\/schema\/person\/85d5a05d7aa5a2548af5766ae3bdab2e\",\"name\":\"PONTECERCA\",\"image\":{\"@type\":\"ImageObject\",\"inLanguage\":\"es\",\"@id\":\"https:\/\/www.pontesan.es\/#\/schema\/person\/image\/\",\"url\":\"https:\/\/secure.gravatar.com\/avatar\/3fd89fa4db538e8d85ebc2683176b5c3?s=96&d=mm&r=g\",\"contentUrl\":\"https:\/\/secure.gravatar.com\/avatar\/3fd89fa4db538e8d85ebc2683176b5c3?s=96&d=mm&r=g\",\"caption\":\"PONTECERCA\"}}]}<\/script>\n<!-- \/ Yoast SEO plugin. -->","yoast_head_json":{"title":"Dr. \u00c1ngel Mar\u00eda Carracedo \u00c1lvarez - Pontesan","description":"Faladoiro en PonteSan 2025: Xen\u00e9tica dos trastornos psiqui\u00e1tricos polo gran Dr. \u00c1ngel Mar\u00eda Carracedo \u00c1lvarez","robots":{"index":"noindex","follow":"follow"},"og_locale":"es_ES","og_type":"article","og_title":"Dr. \u00c1ngel Mar\u00eda Carracedo \u00c1lvarez - Pontesan","og_description":"Faladoiro en PonteSan 2025: Xen\u00e9tica dos trastornos psiqui\u00e1tricos polo gran Dr. \u00c1ngel Mar\u00eda Carracedo \u00c1lvarez","og_url":"https:\/\/www.pontesan.es\/es\/dr-angel-maria-carracedo-alvarez\/","og_site_name":"Pontesan","article_published_time":"2025-09-22T09:17:10+00:00","article_modified_time":"2025-09-22T09:18:34+00:00","og_image":[{"width":900,"height":507,"url":"https:\/\/www.pontesan.es\/wp-content\/uploads\/2025\/09\/carracedo.jpg","type":"image\/jpeg"}],"author":"PONTECERCA","twitter_card":"summary_large_image","twitter_misc":{"Escrito por":"PONTECERCA","Tiempo de lectura":"2 minutos"},"schema":{"@context":"https:\/\/schema.org","@graph":[{"@type":"Article","@id":"https:\/\/www.pontesan.es\/es\/dr-angel-maria-carracedo-alvarez\/#article","isPartOf":{"@id":"https:\/\/www.pontesan.es\/es\/dr-angel-maria-carracedo-alvarez\/"},"author":{"name":"PONTECERCA","@id":"https:\/\/www.pontesan.es\/#\/schema\/person\/85d5a05d7aa5a2548af5766ae3bdab2e"},"headline":"Dr. \u00c1ngel Mar\u00eda Carracedo \u00c1lvarez","datePublished":"2025-09-22T09:17:10+00:00","dateModified":"2025-09-22T09:18:34+00:00","mainEntityOfPage":{"@id":"https:\/\/www.pontesan.es\/es\/dr-angel-maria-carracedo-alvarez\/"},"wordCount":369,"publisher":{"@id":"https:\/\/www.pontesan.es\/#organization"},"image":{"@id":"https:\/\/www.pontesan.es\/es\/dr-angel-maria-carracedo-alvarez\/#primaryimage"},"thumbnailUrl":"https:\/\/www.pontesan.es\/wp-content\/uploads\/2025\/09\/carracedo.jpg","articleSection":["Uncategorized"],"inLanguage":"es"},{"@type":"WebPage","@id":"https:\/\/www.pontesan.es\/es\/dr-angel-maria-carracedo-alvarez\/","url":"https:\/\/www.pontesan.es\/es\/dr-angel-maria-carracedo-alvarez\/","name":"Dr. \u00c1ngel Mar\u00eda Carracedo \u00c1lvarez - Pontesan","isPartOf":{"@id":"https:\/\/www.pontesan.es\/#website"},"primaryImageOfPage":{"@id":"https:\/\/www.pontesan.es\/es\/dr-angel-maria-carracedo-alvarez\/#primaryimage"},"image":{"@id":"https:\/\/www.pontesan.es\/es\/dr-angel-maria-carracedo-alvarez\/#primaryimage"},"thumbnailUrl":"https:\/\/www.pontesan.es\/wp-content\/uploads\/2025\/09\/carracedo.jpg","datePublished":"2025-09-22T09:17:10+00:00","dateModified":"2025-09-22T09:18:34+00:00","description":"Faladoiro en PonteSan 2025: Xen\u00e9tica dos trastornos psiqui\u00e1tricos polo gran Dr. \u00c1ngel Mar\u00eda Carracedo \u00c1lvarez","breadcrumb":{"@id":"https:\/\/www.pontesan.es\/es\/dr-angel-maria-carracedo-alvarez\/#breadcrumb"},"inLanguage":"es","potentialAction":[{"@type":"ReadAction","target":["https:\/\/www.pontesan.es\/es\/dr-angel-maria-carracedo-alvarez\/"]}]},{"@type":"ImageObject","inLanguage":"es","@id":"https:\/\/www.pontesan.es\/es\/dr-angel-maria-carracedo-alvarez\/#primaryimage","url":"https:\/\/www.pontesan.es\/wp-content\/uploads\/2025\/09\/carracedo.jpg","contentUrl":"https:\/\/www.pontesan.es\/wp-content\/uploads\/2025\/09\/carracedo.jpg","width":900,"height":507},{"@type":"BreadcrumbList","@id":"https:\/\/www.pontesan.es\/es\/dr-angel-maria-carracedo-alvarez\/#breadcrumb","itemListElement":[{"@type":"ListItem","position":1,"name":"Home","item":"https:\/\/www.pontesan.es\/"},{"@type":"ListItem","position":2,"name":"Dr. \u00c1ngel Mar\u00eda Carracedo \u00c1lvarez"}]},{"@type":"WebSite","@id":"https:\/\/www.pontesan.es\/#website","url":"https:\/\/www.pontesan.es\/","name":"Pontesan","description":"","publisher":{"@id":"https:\/\/www.pontesan.es\/#organization"},"potentialAction":[{"@type":"SearchAction","target":{"@type":"EntryPoint","urlTemplate":"https:\/\/www.pontesan.es\/?s={search_term_string}"},"query-input":"required name=search_term_string"}],"inLanguage":"es"},{"@type":"Organization","@id":"https:\/\/www.pontesan.es\/#organization","name":"PonteS\u00e1n","alternateName":"PonteS\u00e1n","url":"https:\/\/www.pontesan.es\/","logo":{"@type":"ImageObject","inLanguage":"es","@id":"https:\/\/www.pontesan.es\/#\/schema\/logo\/image\/","url":"https:\/\/www.pontesan.es\/wp-content\/uploads\/2024\/09\/yoast-empresa.jpg","contentUrl":"https:\/\/www.pontesan.es\/wp-content\/uploads\/2024\/09\/yoast-empresa.jpg","width":696,"height":696,"caption":"PonteS\u00e1n"},"image":{"@id":"https:\/\/www.pontesan.es\/#\/schema\/logo\/image\/"}},{"@type":"Person","@id":"https:\/\/www.pontesan.es\/#\/schema\/person\/85d5a05d7aa5a2548af5766ae3bdab2e","name":"PONTECERCA","image":{"@type":"ImageObject","inLanguage":"es","@id":"https:\/\/www.pontesan.es\/#\/schema\/person\/image\/","url":"https:\/\/secure.gravatar.com\/avatar\/3fd89fa4db538e8d85ebc2683176b5c3?s=96&d=mm&r=g","contentUrl":"https:\/\/secure.gravatar.com\/avatar\/3fd89fa4db538e8d85ebc2683176b5c3?s=96&d=mm&r=g","caption":"PONTECERCA"}}]}},"_links":{"self":[{"href":"https:\/\/www.pontesan.es\/es\/wp-json\/wp\/v2\/posts\/232476"}],"collection":[{"href":"https:\/\/www.pontesan.es\/es\/wp-json\/wp\/v2\/posts"}],"about":[{"href":"https:\/\/www.pontesan.es\/es\/wp-json\/wp\/v2\/types\/post"}],"author":[{"embeddable":true,"href":"https:\/\/www.pontesan.es\/es\/wp-json\/wp\/v2\/users\/18"}],"replies":[{"embeddable":true,"href":"https:\/\/www.pontesan.es\/es\/wp-json\/wp\/v2\/comments?post=232476"}],"version-history":[{"count":1,"href":"https:\/\/www.pontesan.es\/es\/wp-json\/wp\/v2\/posts\/232476\/revisions"}],"predecessor-version":[{"id":232477,"href":"https:\/\/www.pontesan.es\/es\/wp-json\/wp\/v2\/posts\/232476\/revisions\/232477"}],"wp:featuredmedia":[{"embeddable":true,"href":"https:\/\/www.pontesan.es\/es\/wp-json\/wp\/v2\/media\/231786"}],"wp:attachment":[{"href":"https:\/\/www.pontesan.es\/es\/wp-json\/wp\/v2\/media?parent=232476"}],"wp:term":[{"taxonomy":"category","embeddable":true,"href":"https:\/\/www.pontesan.es\/es\/wp-json\/wp\/v2\/categories?post=232476"},{"taxonomy":"post_tag","embeddable":true,"href":"https:\/\/www.pontesan.es\/es\/wp-json\/wp\/v2\/tags?post=232476"}],"curies":[{"name":"wp","href":"https:\/\/api.w.org\/{rel}","templated":true}]}}